{"id":1,"date":"2022-03-16T14:55:00","date_gmt":"2022-03-16T14:55:00","guid":{"rendered":"https:\/\/unlock.green\/fr\/?p=1"},"modified":"2023-05-09T10:42:12","modified_gmt":"2023-05-09T10:42:12","slug":"unlock-une-equipe-aux-multiples-facettes","status":"publish","type":"post","link":"https:\/\/unlock.green\/fr\/publications\/unlock-une-equipe-aux-multiples-facettes\/","title":{"rendered":"Unlock, une \u00e9quipe aux multiples facettes"},"content":{"rendered":"\n<div class=\"wp-block-columns is-layout-flex wp-container-core-columns-is-layout-9d6595d7 wp-block-columns-is-layout-flex\">\n<div class=\"wp-block-column is-layout-flow wp-block-column-is-layout-flow\">\n<p class=\"has-black-color has-text-color has-medium-font-size\">Derri\u00e8re la campagne Unlock France, il y a des femmes et des hommes convaincu.es que la finance doit \u00eatre mise au service de la transition \u00e9cologique et sociale, urgemment !<\/p>\n\n\n\n<p class=\"has-black-color has-text-color has-medium-font-size\">\u00c0 l\u2019initiative du projet pour certain.es, ou l\u2019ayant rejoint r\u00e9cemment pour d\u2019autres, nous sommes persuad\u00e9.es qu\u2019un engagement citoyen peut convaincre les acteurs financiers priv\u00e9s et publics d\u2019agir en faveur de la massification de la r\u00e9novation \u00e9nerg\u00e9tique des logements des particuliers.<\/p>\n\n\n\n<p class=\"has-black-color has-text-color has-medium-font-size\">D\u00e9couvrez une partie de l\u2019\u00e9quipe Unlock qui r\u00e9unit les membres d\u2019Agir pour le Climat et de Positive Money Europe, les deux ONG qui portent respectivement la p\u00e9tition en France et en Europe.<\/p>\n<\/div>\n\n\n\n<div class=\"wp-block-column is-layout-flow wp-block-column-is-layout-flow\"><\/div>\n<\/div>\n\n\n\n<hr class=\"wp-block-separator aligncenter has-text-color has-black-color has-alpha-channel-opacity has-black-background-color has-background is-style-dots\" \/>\n\n\n\n<div class=\"wp-block-columns is-layout-flex wp-container-core-columns-is-layout-9d6595d7 wp-block-columns-is-layout-flex\">\n<div class=\"wp-block-column is-layout-flow wp-block-column-is-layout-flow\">\n<p class=\"has-medium-font-size\"><strong>Vicky Van Eyck<\/strong>, Chef de projet<\/p>\n\n\n\n<p class=\"has-medium-font-size\"><em>Dans quelle ville travailles-tu ?<\/em><br>Bruxelles<\/p>\n\n\n\n<p class=\"has-medium-font-size\"><em>Quelle est ta mission au sein de la campagne ?<\/em><br>Chef de projet. Je suis responsable de la campagne au niveau europ\u00e9en et m\u2019assure du bon d\u00e9roulement des activit\u00e9s au niveau national \u00e9galement.<\/p>\n\n\n\n<p class=\"has-medium-font-size\"><em>Pourquoi crois-tu en cette campagne ?<\/em><br>Je crois en cette campagne car je pense qu\u2019aujourd\u2019hui, plus que jamais, il faut aider les gens \u00e0 r\u00e9duire leur facture \u00e9nerg\u00e9tique et acc\u00e9l\u00e9rer la transition \u00e9nerg\u00e9tique. Je pense que le syst\u00e8me bancaire, main dans la main avec les autorit\u00e9s financi\u00e8res, doit jouer son r\u00f4le pour permettre cela.<\/p>\n\n\n\n<p class=\"has-medium-font-size\"><em>Quel est l\u2019\u00e9tat de ton logement niveau isolation ?<\/em><br>C\u2019est terrible, classe F je pense. Je dors toujours avec une bouillotte !<\/p>\n<\/div>\n\n\n\n<div class=\"wp-block-column has-white-background-color has-background is-layout-flow wp-block-column-is-layout-flow\"><div class=\"wp-block-image\">\n<figure class=\"aligncenter size-medium\"><img decoding=\"async\" src=\"https:\/\/unlock.green\/fr\/wp-content\/uploads\/sites\/2\/2022\/08\/Copy-of-Vicky_VanEyck_profilepic-1024x1024-1-300x300.jpeg\" alt=\"\" class=\"wp-image-44\" \/><\/figure>\n<\/div><\/div>\n<\/div>\n\n\n\n<hr class=\"wp-block-separator has-text-color has-black-color has-alpha-channel-opacity has-black-background-color has-background is-style-dots\" \/>\n\n\n\n<div class=\"wp-block-columns is-layout-flex wp-container-core-columns-is-layout-9d6595d7 wp-block-columns-is-layout-flex\">\n<div class=\"wp-block-column is-layout-flow wp-block-column-is-layout-flow\">\n<p class=\"has-medium-font-size\"><strong>Lucas Chabalier<\/strong>, charg\u00e9 de partenariat et strat\u00e9gie<\/p>\n\n\n\n<p class=\"has-medium-font-size\"><em>Dans quelle ville travailles-tu ?<\/em><br>J\u2019habite depuis toujours \u00e0 Paris.<\/p>\n\n\n\n<p class=\"has-medium-font-size\"><em>Quelle est ta mission au sein de la campagne ?<\/em><br>Je travaille \u00e0 la formation de la coalition en France, et m\u2019occupe des questions strat\u00e9giques et de contenu.<\/p>\n\n\n\n<p class=\"has-medium-font-size\"><em>Pourquoi crois-tu en cette campagne ?<\/em><br>Je crois en cette campagne parce que la transformation \u00e9nerg\u00e9tique de nos logements est aussi n\u00e9cessaire pour le climat que vertueuse pour la soci\u00e9t\u00e9, et qu\u2019en alliant aides publiques et pr\u00eats bancaires, on peut apporter des solutions de financement \u00e0 chacun.<\/p>\n\n\n\n<p class=\"has-medium-font-size\"><em>Quel est l\u2019\u00e9tat de ton logement niveau isolation ?<\/em><br>Je ne connais pas l\u2019\u00e9tiquette \u00e9nerg\u00e9tique de mon immeuble (et ne sais m\u00eame pas o\u00f9 obtenir cette information), mais l\u2019isolation de mes toilettes est catastrophique\u2026<\/p>\n<\/div>\n\n\n\n<div class=\"wp-block-column is-layout-flow wp-block-column-is-layout-flow\"><div class=\"wp-block-image\">\n<figure class=\"aligncenter size-medium\"><img loading=\"lazy\" decoding=\"async\" width=\"300\" height=\"300\" src=\"https:\/\/unlock.green\/fr\/wp-content\/uploads\/sites\/2\/2022\/08\/Lucas-Chabalier-300x300.png\" alt=\"\" class=\"wp-image-45\" srcset=\"https:\/\/unlock.green\/fr\/wp-content\/uploads\/sites\/2\/2022\/08\/Lucas-Chabalier-300x300.png 300w, https:\/\/unlock.green\/fr\/wp-content\/uploads\/sites\/2\/2022\/08\/Lucas-Chabalier-150x150.png 150w, https:\/\/unlock.green\/fr\/wp-content\/uploads\/sites\/2\/2022\/08\/Lucas-Chabalier.png 400w\" sizes=\"auto, (max-width: 300px) 100vw, 300px\" \/><\/figure>\n<\/div><\/div>\n<\/div>\n\n\n\n<hr class=\"wp-block-separator aligncenter has-text-color has-black-color has-alpha-channel-opacity has-black-background-color has-background is-style-dots\" \/>\n\n\n\n<div class=\"wp-block-columns is-layout-flex wp-container-core-columns-is-layout-9d6595d7 wp-block-columns-is-layout-flex\">\n<div class=\"wp-block-column is-layout-flow wp-block-column-is-layout-flow\">\n<p class=\"has-medium-font-size\"><strong>Laurent Ortega<\/strong>, charg\u00e9 de campagne France<\/p>\n\n\n\n<p class=\"has-medium-font-size\"><em>Dans quelle ville travailles-tu ?<\/em><br>Barcelone, Espagne<\/p>\n\n\n\n<p class=\"has-medium-font-size\"><em>Quelle est ta mission au sein de la campagne ?<\/em><br>Je suis charg\u00e9 de campagne France pour la campagne Unlock, je travaille pour Positive Money Europe. Je m\u2019occupe de l\u2019organisation et du suivi de projet.<\/p>\n\n\n\n<p class=\"has-medium-font-size\"><em>Pourquoi crois-tu en cette campagne ?<\/em><br>Il me para\u00eet essentiel de stimuler le secteur de la r\u00e9novation, il n\u2019y a aucune raison rationnelle de ne pas le faire, les avantages sont nombreux, environnementaux, sociaux, \u00e9conomiques, g\u00e9opolitiques\u2026 Allons-y !!<\/p>\n\n\n\n<p class=\"has-medium-font-size\"><em>Quel est l\u2019\u00e9tat de ton logement niveau isolation ?<\/em><br>Classe G (334 KWh \/ m2), l\u2019agence a tent\u00e9 de me faire croire que le DPE n\u2019\u00e9tait plus \u00e0 jour car un coup de peinture avait \u00e9t\u00e9 pass\u00e9 il y a 2 ans\u2026 M\u00eame les propri\u00e9taires bailleurs vont devoir s\u2019y mettre.<\/p>\n<\/div>\n\n\n\n<div class=\"wp-block-column is-layout-flow wp-block-column-is-layout-flow\"><div class=\"wp-block-image\">\n<figure class=\"aligncenter size-medium\"><img loading=\"lazy\" decoding=\"async\" width=\"300\" height=\"300\" src=\"https:\/\/unlock.green\/fr\/wp-content\/uploads\/sites\/2\/2022\/09\/Laurent-Ortega-300x300.png\" alt=\"\" class=\"wp-image-46\" srcset=\"https:\/\/unlock.green\/fr\/wp-content\/uploads\/sites\/2\/2022\/09\/Laurent-Ortega-300x300.png 300w, https:\/\/unlock.green\/fr\/wp-content\/uploads\/sites\/2\/2022\/09\/Laurent-Ortega-150x150.png 150w, https:\/\/unlock.green\/fr\/wp-content\/uploads\/sites\/2\/2022\/09\/Laurent-Ortega.png 400w\" sizes=\"auto, (max-width: 300px) 100vw, 300px\" \/><\/figure>\n<\/div><\/div>\n<\/div>\n\n\n\n<div class=\"wp-block-columns is-layout-flex wp-container-core-columns-is-layout-9d6595d7 wp-block-columns-is-layout-flex\">\n<div class=\"wp-block-column is-layout-flow wp-block-column-is-layout-flow\">\n<p class=\"has-medium-font-size\">C<strong>yril Smit<\/strong>, charg\u00e9 de communication<\/p>\n\n\n\n<p class=\"has-medium-font-size\"><em>Dans quelle ville travailles-tu ?<\/em><br>J\u2019habite et travaille \u00e0 Lyon.<\/p>\n\n\n\n<p class=\"has-medium-font-size\"><em>Quelle est ta mission au sein de la campagne ?<\/em><br>Je travaille sur la communication de la campagne.<\/p>\n\n\n\n<p class=\"has-medium-font-size\"><em>Pourquoi crois-tu en cette campagne ?<\/em><br>Je crois en cette campagne parce que nous avons urgemment besoin d\u2019une vague de r\u00e9novation \u00e9nerg\u00e9tique des b\u00e2timents. Les citoyens ont besoin d\u2019all\u00e9ger leurs factures \u00e9nerg\u00e9tiques avec des logements performants et confortables, le march\u00e9 du travail a besoin d\u2019emplois et la plan\u00e8te a besoin de r\u00e9pit.<\/p>\n\n\n\n<p class=\"has-medium-font-size\"><em>Quel est l\u2019\u00e9tat de ton logement niveau isolation ?<\/em><br>Pas terrible mais je mets des pulls.<\/p>\n<\/div>\n\n\n\n<div class=\"wp-block-column is-layout-flow wp-block-column-is-layout-flow\"><div class=\"wp-block-image\">\n<figure class=\"aligncenter size-medium\"><img loading=\"lazy\" decoding=\"async\" width=\"296\" height=\"300\" src=\"https:\/\/unlock.green\/fr\/wp-content\/uploads\/sites\/2\/2022\/09\/Sans-titre-2-edited-296x300.jpg\" alt=\"\" class=\"wp-image-49\" srcset=\"https:\/\/unlock.green\/fr\/wp-content\/uploads\/sites\/2\/2022\/09\/Sans-titre-2-edited-296x300.jpg 296w, https:\/\/unlock.green\/fr\/wp-content\/uploads\/sites\/2\/2022\/09\/Sans-titre-2-edited.jpg 633w\" sizes=\"auto, (max-width: 296px) 100vw, 296px\" \/><\/figure>\n<\/div><\/div>\n<\/div>\n\n\n\n<hr class=\"wp-block-separator aligncenter has-text-color has-black-color has-alpha-channel-opacity has-black-background-color has-background is-style-dots\" \/>\n\n\n\n<div class=\"wp-block-columns is-layout-flex wp-container-core-columns-is-layout-9d6595d7 wp-block-columns-is-layout-flex\">\n<div class=\"wp-block-column is-layout-flow wp-block-column-is-layout-flow\">\n<p class=\"has-medium-font-size\"><strong>Sarah Zamoum<\/strong>, coordinatrice de la campagne en France<\/p>\n\n\n\n<p class=\"has-medium-font-size\"><em>Dans quelle ville travailles-tu ?<\/em><br>Bruxelles<\/p>\n\n\n\n<p class=\"has-medium-font-size\"><em>Quelle est ta mission au sein de la campagne ?<\/em><br>Je suis charg\u00e9e de campagne chez Positive Money Europe et je me charge de la coordination du projet entre la France et le niveau europ\u00e9en. Je suis \u00e9galement celle qui se cache derri\u00e8re les newsletters et qui r\u00e9pondra aux questions et remarques des signataires de la p\u00e9tition!<\/p>\n\n\n\n<p class=\"has-medium-font-size\"><em>Pourquoi crois-tu en cette campagne ?<\/em><br>J\u2019entends tr\u00e8s peu de personnes dire que leur logement est parfaitement isol\u00e9. Cette campagne permettra aux femmes et aux hommes de s\u2019exprimer sur cette question et d\u2019interpeller les d\u00e9cideurs \u00e9conomiques et les r\u00e9gulateurs financiers afin qu\u2019ils agissent en cons\u00e9quence. Le climat et la justice sociale n\u2019ont pas \u00e0 attendre davantage.<\/p>\n\n\n\n<p class=\"has-medium-font-size\"><em>Quel est l\u2019\u00e9tat de ton logement niveau isolation ?<\/em><br>La classe Y \u00e7a existe ? Une catastrophe !<\/p>\n<\/div>\n\n\n\n<div class=\"wp-block-column is-layout-flow wp-block-column-is-layout-flow\"><div class=\"wp-block-image\">\n<figure class=\"aligncenter size-medium\"><img loading=\"lazy\" decoding=\"async\" width=\"294\" height=\"300\" src=\"https:\/\/unlock.green\/fr\/wp-content\/uploads\/sites\/2\/2022\/09\/Copy-of-Sarah-Photo-e1647445546801-294x300.jpg\" alt=\"\" class=\"wp-image-47\" srcset=\"https:\/\/unlock.green\/fr\/wp-content\/uploads\/sites\/2\/2022\/09\/Copy-of-Sarah-Photo-e1647445546801-294x300.jpg 294w, https:\/\/unlock.green\/fr\/wp-content\/uploads\/sites\/2\/2022\/09\/Copy-of-Sarah-Photo-e1647445546801-1002x1024.jpg 1002w, https:\/\/unlock.green\/fr\/wp-content\/uploads\/sites\/2\/2022\/09\/Copy-of-Sarah-Photo-e1647445546801-768x785.jpg 768w, https:\/\/unlock.green\/fr\/wp-content\/uploads\/sites\/2\/2022\/09\/Copy-of-Sarah-Photo-e1647445546801-1503x1536.jpg 1503w, https:\/\/unlock.green\/fr\/wp-content\/uploads\/sites\/2\/2022\/09\/Copy-of-Sarah-Photo-e1647445546801-2005x2048.jpg 2005w\" sizes=\"auto, (max-width: 294px) 100vw, 294px\" \/><\/figure>\n<\/div><\/div>\n<\/div>\n\n\n\n<hr class=\"wp-block-separator aligncenter has-text-color has-black-color has-alpha-channel-opacity has-black-background-color has-background is-style-dots\" \/>\n\n\n\n<div class=\"wp-block-columns is-layout-flex wp-container-core-columns-is-layout-9d6595d7 wp-block-columns-is-layout-flex\">\n<div class=\"wp-block-column is-layout-flow wp-block-column-is-layout-flow\">\n<p class=\"has-medium-font-size\"><strong>Uuriintuya Batsaikhan<\/strong>, \u00c9conomiste<\/p>\n\n\n\n<p class=\"has-medium-font-size\"><em>Dans quelle ville travailles-tu ?<\/em><br>Bruxelles, Belgique<\/p>\n\n\n\n<p class=\"has-medium-font-size\"><em>Quelle est ta mission au sein de la campagne ?<\/em><br>Je suis \u00e9conomiste chez Positive Money Europe et je me charge de fournir des outils solides \u00e0 nos d\u00e9cideurs politiques afin qu\u2019ils puissent prendre les mesures n\u00e9cessaires qui nous permettront de vivre dans des logements sains et durables, tout en limitant les effets du changement climatique.<\/p>\n\n\n\n<p class=\"has-medium-font-size\"><em>Pourquoi crois-tu en cette campagne ?<\/em><br>Je crois en cette campagne parce que la demande est tout \u00e0 fait r\u00e9alisable et peut \u00e9voluer au fil du temps. Elle a \u00e9galement le potentiel pour apporter un changement collectif.<\/p>\n\n\n\n<p class=\"has-medium-font-size\"><em>Quel est l\u2019\u00e9tat de ton logement niveau isolation ?<\/em><br>Au cours de l\u2019\u00e9t\u00e9 2021, mon partenaire et moi sommes devenus propri\u00e9taires pour la premi\u00e8re fois. Ce moment de joie s\u2019est accompagn\u00e9 d\u2019une prise de conscience: la performance \u00e9nerg\u00e9tique de notre logement est terrible. Chaque jour qui passe sans la mise en place de r\u00e9elles mesures pour rendre notre maison \u00e9conome en \u00e9nergie constitue une perte pour nos finances, notre sant\u00e9 et notre bien-\u00eatre, et amplifie le d\u00e9r\u00e8glement climatique. J\u2019imagine des millions d\u2019autres m\u00e9nages, comme le n\u00f4tre, qui d\u00e9sirent pouvoir vivre de mani\u00e8re plus sereine et durable.<\/p>\n<\/div>\n\n\n\n<div class=\"wp-block-column is-layout-flow wp-block-column-is-layout-flow\"><div class=\"wp-block-image\">\n<figure class=\"aligncenter size-medium\"><img loading=\"lazy\" decoding=\"async\" width=\"300\" height=\"300\" src=\"https:\/\/unlock.green\/fr\/wp-content\/uploads\/sites\/2\/2022\/09\/Uuriintuya-Batsaikhan-300x300.png\" alt=\"\" class=\"wp-image-50\" srcset=\"https:\/\/unlock.green\/fr\/wp-content\/uploads\/sites\/2\/2022\/09\/Uuriintuya-Batsaikhan-300x300.png 300w, https:\/\/unlock.green\/fr\/wp-content\/uploads\/sites\/2\/2022\/09\/Uuriintuya-Batsaikhan-150x150.png 150w, https:\/\/unlock.green\/fr\/wp-content\/uploads\/sites\/2\/2022\/09\/Uuriintuya-Batsaikhan.png 400w\" sizes=\"auto, (max-width: 300px) 100vw, 300px\" \/><\/figure>\n<\/div><\/div>\n<\/div>\n\n\n\n<hr class=\"wp-block-separator aligncenter has-text-color has-black-color has-alpha-channel-opacity has-black-background-color has-background is-style-dots\" \/>\n\n\n\n<div class=\"wp-block-columns is-layout-flex wp-container-core-columns-is-layout-9d6595d7 wp-block-columns-is-layout-flex\">\n<div class=\"wp-block-column is-layout-flow wp-block-column-is-layout-flow\">\n<p class=\"has-medium-font-size\"><strong>Stanislas Jourdan<\/strong>, Superviseur<\/p>\n\n\n\n<p class=\"has-medium-font-size\"><em>Dans quelle ville travailles-tu ?<\/em><br>Bruxelles<\/p>\n\n\n\n<p class=\"has-medium-font-size\"><em>Quelle est ta mission au sein de la campagne ?<\/em><br>En tant que directeur de Positive Money Europe, je suis charg\u00e9 de la supervision de la strat\u00e9gie de la campagne, et je dirige le travail de plaidoyer aupr\u00e8s des institutions europ\u00e9ennes. Quand je le peux, je donne un coup de main \u00e0 l\u2019\u00e9quipe fran\u00e7aise.<\/p>\n\n\n\n<p class=\"has-medium-font-size\"><em>Pourquoi crois-tu en cette campagne ?<\/em><br>La vague de r\u00e9novation est devenue une priorit\u00e9 transversale de l\u2019Union europ\u00e9enne. C\u2019est une course o\u00f9 tout le monde peut gagner, mais les banques tra\u00eenent encore des pieds. Il est temps de changer cela et de faire en sorte que les banques utilisent leur force de frappe pour acc\u00e9l\u00e9rer les efforts de l\u2019UE. Avec la crise de l\u2019\u00e9nergie, notre campagne a encore plus de sens. Je suis s\u00fbr que nous pouvons gagner si nous parvenons \u00e0 mobiliser les millions de personnes qui ont besoin d\u2019une maison saine et plus chaude.<\/p>\n\n\n\n<p class=\"has-medium-font-size\"><em>Quel est l\u2019\u00e9tat de ton logement niveau isolation ?<\/em><br>En fait, je viens juste de devenir propri\u00e9taire d\u2019un appartement dont la note de performance \u00e9nerg\u00e9tique est terriblement basse (G). Avec la crise des prix de l\u2019\u00e9nergie, mes factures d\u2019\u00e9nergie sont mont\u00e9es en fl\u00e8che r\u00e9cemment, et j\u2019envisage d\u2019investir dans la r\u00e9novation de mon appartement.<\/p>\n<\/div>\n\n\n\n<div class=\"wp-block-column is-layout-flow wp-block-column-is-layout-flow\"><div class=\"wp-block-image\">\n<figure class=\"aligncenter size-medium\"><img decoding=\"async\" src=\"https:\/\/unlock.green\/fr\/wp-content\/uploads\/sites\/2\/2022\/09\/4RET9V_l_400x400-300x300.png\" alt=\"\" class=\"wp-image-48\" \/><\/figure>\n<\/div><\/div>\n<\/div>\n\n\n\n<hr class=\"wp-block-separator aligncenter has-text-color has-black-color has-alpha-channel-opacity has-black-background-color has-background is-style-dots\" \/>\n\n\n\n<div class=\"wp-block-columns is-layout-flex wp-container-core-columns-is-layout-9d6595d7 wp-block-columns-is-layout-flex\">\n<div class=\"wp-block-column is-layout-flow wp-block-column-is-layout-flow\">\n<p class=\"has-medium-font-size\">L\u2019 aventure Unlock ne fait que commencer !<br>N\u2019h\u00e9sitez pas \u00e0 nous contacter si vous avez des remarques ou des questions \u00e0 propos de la campagne.<br>Envoyez-nous un email \u00e0 sarah@unlock.green .<\/p>\n<\/div>\n\n\n\n<div class=\"wp-block-column is-layout-flow wp-block-column-is-layout-flow\"><\/div>\n<\/div>\n","protected":false},"excerpt":{"rendered":"<p>Derri\u00e8re la campagne Unlock France, il y a des femmes et des hommes convaincu.es que la finance doit \u00eatre mise au service de la transition \u00e9cologique et sociale, urgemment ! \u00c0 l\u2019initiative du projet pour certain.es, ou l\u2019ayant rejoint r\u00e9cemment pour d\u2019autres, nous sommes persuad\u00e9.es qu\u2019un engagement citoyen peut convaincre les acteurs financiers priv\u00e9s et [&hellip;]<\/p>\n","protected":false},"author":4,"featured_media":25,"comment_status":"closed","ping_status":"closed","sticky":false,"template":"","format":"standard","meta":{"footnotes":""},"categories":[4],"tags":[],"class_list":["post-1","post","type-post","status-publish","format-standard","has-post-thumbnail","hentry","category-blog"],"acf":[],"yoast_head":"<!-- This site is optimized with the Yoast SEO plugin v19.6.1 - https:\/\/yoast.com\/wordpress\/plugins\/seo\/ -->\n<title>Unlock, une \u00e9quipe aux multiples facettes - Unlock FR<\/title>\n<meta name=\"robots\" content=\"index, follow, max-snippet:-1, max-image-preview:large, max-video-preview:-1\" \/>\n<link rel=\"canonical\" href=\"https:\/\/unlock.green\/fr\/publications\/unlock-une-equipe-aux-multiples-facettes\/\" \/>\n<meta property=\"og:locale\" content=\"fr_FR\" \/>\n<meta property=\"og:type\" content=\"article\" \/>\n<meta property=\"og:title\" content=\"Unlock, une \u00e9quipe aux multiples facettes - Unlock FR\" \/>\n<meta property=\"og:description\" content=\"Derri\u00e8re la campagne Unlock France, il y a des femmes et des hommes convaincu.es que la finance doit \u00eatre mise au service de la transition \u00e9cologique et sociale, urgemment ! \u00c0 l\u2019initiative du projet pour certain.es, ou l\u2019ayant rejoint r\u00e9cemment pour d\u2019autres, nous sommes persuad\u00e9.es qu\u2019un engagement citoyen peut convaincre les acteurs financiers priv\u00e9s et [&hellip;]\" \/>\n<meta property=\"og:url\" content=\"https:\/\/unlock.green\/fr\/publications\/unlock-une-equipe-aux-multiples-facettes\/\" \/>\n<meta property=\"og:site_name\" content=\"Unlock FR\" \/>\n<meta property=\"article:published_time\" content=\"2022-03-16T14:55:00+00:00\" \/>\n<meta property=\"article:modified_time\" content=\"2023-05-09T10:42:12+00:00\" \/>\n<meta property=\"og:image\" content=\"https:\/\/unlock.green\/fr\/wp-content\/uploads\/sites\/2\/2022\/09\/logo-1.png\" \/>\n\t<meta property=\"og:image:width\" content=\"2482\" \/>\n\t<meta property=\"og:image:height\" content=\"2482\" \/>\n\t<meta property=\"og:image:type\" content=\"image\/png\" \/>\n<meta name=\"author\" content=\"Jack\" \/>\n<meta name=\"twitter:card\" content=\"summary_large_image\" \/>\n<meta name=\"twitter:label1\" content=\"\u00c9crit par\" \/>\n\t<meta name=\"twitter:data1\" content=\"Jack\" \/>\n\t<meta name=\"twitter:label2\" content=\"Dur\u00e9e de lecture estim\u00e9e\" \/>\n\t<meta name=\"twitter:data2\" content=\"8 minutes\" \/>\n<script type=\"application\/ld+json\" class=\"yoast-schema-graph\">{\"@context\":\"https:\/\/schema.org\",\"@graph\":[{\"@type\":\"WebPage\",\"@id\":\"https:\/\/unlock.green\/fr\/publications\/unlock-une-equipe-aux-multiples-facettes\/\",\"url\":\"https:\/\/unlock.green\/fr\/publications\/unlock-une-equipe-aux-multiples-facettes\/\",\"name\":\"Unlock, une \u00e9quipe aux multiples facettes - Unlock FR\",\"isPartOf\":{\"@id\":\"https:\/\/unlock.green\/fr\/#website\"},\"datePublished\":\"2022-03-16T14:55:00+00:00\",\"dateModified\":\"2023-05-09T10:42:12+00:00\",\"author\":{\"@id\":\"https:\/\/unlock.green\/fr\/#\/schema\/person\/84a090174abd88d4ff495149e1d72069\"},\"breadcrumb\":{\"@id\":\"https:\/\/unlock.green\/fr\/publications\/unlock-une-equipe-aux-multiples-facettes\/#breadcrumb\"},\"inLanguage\":\"fr-FR\",\"potentialAction\":[{\"@type\":\"ReadAction\",\"target\":[\"https:\/\/unlock.green\/fr\/publications\/unlock-une-equipe-aux-multiples-facettes\/\"]}]},{\"@type\":\"BreadcrumbList\",\"@id\":\"https:\/\/unlock.green\/fr\/publications\/unlock-une-equipe-aux-multiples-facettes\/#breadcrumb\",\"itemListElement\":[{\"@type\":\"ListItem\",\"position\":1,\"name\":\"Home\",\"item\":\"https:\/\/unlock.green\/fr\/\"},{\"@type\":\"ListItem\",\"position\":2,\"name\":\"Unlock, une \u00e9quipe aux multiples facettes\"}]},{\"@type\":\"WebSite\",\"@id\":\"https:\/\/unlock.green\/fr\/#website\",\"url\":\"https:\/\/unlock.green\/fr\/\",\"name\":\"Unlock FR\",\"description\":\"Unlock home renovations\",\"potentialAction\":[{\"@type\":\"SearchAction\",\"target\":{\"@type\":\"EntryPoint\",\"urlTemplate\":\"https:\/\/unlock.green\/fr\/?s={search_term_string}\"},\"query-input\":\"required name=search_term_string\"}],\"inLanguage\":\"fr-FR\"},{\"@type\":\"Person\",\"@id\":\"https:\/\/unlock.green\/fr\/#\/schema\/person\/84a090174abd88d4ff495149e1d72069\",\"name\":\"Jack\",\"image\":{\"@type\":\"ImageObject\",\"inLanguage\":\"fr-FR\",\"@id\":\"https:\/\/unlock.green\/fr\/#\/schema\/person\/image\/\",\"url\":\"https:\/\/secure.gravatar.com\/avatar\/12dfba6c0b8f1b3552dfaf7de05ba8c6bcc1dd355afbacb4673fdaaf66440636?s=96&d=mm&r=g\",\"contentUrl\":\"https:\/\/secure.gravatar.com\/avatar\/12dfba6c0b8f1b3552dfaf7de05ba8c6bcc1dd355afbacb4673fdaaf66440636?s=96&d=mm&r=g\",\"caption\":\"Jack\"},\"url\":\"https:\/\/unlock.green\/fr\/publications\/author\/jack\/\"}]}<\/script>\n<!-- \/ Yoast SEO plugin. -->","yoast_head_json":{"title":"Unlock, une \u00e9quipe aux multiples facettes - Unlock FR","robots":{"index":"index","follow":"follow","max-snippet":"max-snippet:-1","max-image-preview":"max-image-preview:large","max-video-preview":"max-video-preview:-1"},"canonical":"https:\/\/unlock.green\/fr\/publications\/unlock-une-equipe-aux-multiples-facettes\/","og_locale":"fr_FR","og_type":"article","og_title":"Unlock, une \u00e9quipe aux multiples facettes - Unlock FR","og_description":"Derri\u00e8re la campagne Unlock France, il y a des femmes et des hommes convaincu.es que la finance doit \u00eatre mise au service de la transition \u00e9cologique et sociale, urgemment ! \u00c0 l\u2019initiative du projet pour certain.es, ou l\u2019ayant rejoint r\u00e9cemment pour d\u2019autres, nous sommes persuad\u00e9.es qu\u2019un engagement citoyen peut convaincre les acteurs financiers priv\u00e9s et [&hellip;]","og_url":"https:\/\/unlock.green\/fr\/publications\/unlock-une-equipe-aux-multiples-facettes\/","og_site_name":"Unlock FR","article_published_time":"2022-03-16T14:55:00+00:00","article_modified_time":"2023-05-09T10:42:12+00:00","og_image":[{"width":2482,"height":2482,"url":"https:\/\/unlock.green\/fr\/wp-content\/uploads\/sites\/2\/2022\/09\/logo-1.png","type":"image\/png"}],"author":"Jack","twitter_card":"summary_large_image","twitter_misc":{"\u00c9crit par":"Jack","Dur\u00e9e de lecture estim\u00e9e":"8 minutes"},"schema":{"@context":"https:\/\/schema.org","@graph":[{"@type":"WebPage","@id":"https:\/\/unlock.green\/fr\/publications\/unlock-une-equipe-aux-multiples-facettes\/","url":"https:\/\/unlock.green\/fr\/publications\/unlock-une-equipe-aux-multiples-facettes\/","name":"Unlock, une \u00e9quipe aux multiples facettes - Unlock FR","isPartOf":{"@id":"https:\/\/unlock.green\/fr\/#website"},"datePublished":"2022-03-16T14:55:00+00:00","dateModified":"2023-05-09T10:42:12+00:00","author":{"@id":"https:\/\/unlock.green\/fr\/#\/schema\/person\/84a090174abd88d4ff495149e1d72069"},"breadcrumb":{"@id":"https:\/\/unlock.green\/fr\/publications\/unlock-une-equipe-aux-multiples-facettes\/#breadcrumb"},"inLanguage":"fr-FR","potentialAction":[{"@type":"ReadAction","target":["https:\/\/unlock.green\/fr\/publications\/unlock-une-equipe-aux-multiples-facettes\/"]}]},{"@type":"BreadcrumbList","@id":"https:\/\/unlock.green\/fr\/publications\/unlock-une-equipe-aux-multiples-facettes\/#breadcrumb","itemListElement":[{"@type":"ListItem","position":1,"name":"Home","item":"https:\/\/unlock.green\/fr\/"},{"@type":"ListItem","position":2,"name":"Unlock, une \u00e9quipe aux multiples facettes"}]},{"@type":"WebSite","@id":"https:\/\/unlock.green\/fr\/#website","url":"https:\/\/unlock.green\/fr\/","name":"Unlock FR","description":"Unlock home renovations","potentialAction":[{"@type":"SearchAction","target":{"@type":"EntryPoint","urlTemplate":"https:\/\/unlock.green\/fr\/?s={search_term_string}"},"query-input":"required name=search_term_string"}],"inLanguage":"fr-FR"},{"@type":"Person","@id":"https:\/\/unlock.green\/fr\/#\/schema\/person\/84a090174abd88d4ff495149e1d72069","name":"Jack","image":{"@type":"ImageObject","inLanguage":"fr-FR","@id":"https:\/\/unlock.green\/fr\/#\/schema\/person\/image\/","url":"https:\/\/secure.gravatar.com\/avatar\/12dfba6c0b8f1b3552dfaf7de05ba8c6bcc1dd355afbacb4673fdaaf66440636?s=96&d=mm&r=g","contentUrl":"https:\/\/secure.gravatar.com\/avatar\/12dfba6c0b8f1b3552dfaf7de05ba8c6bcc1dd355afbacb4673fdaaf66440636?s=96&d=mm&r=g","caption":"Jack"},"url":"https:\/\/unlock.green\/fr\/publications\/author\/jack\/"}]}},"_links":{"self":[{"href":"https:\/\/unlock.green\/fr\/wp-json\/wp\/v2\/posts\/1","targetHints":{"allow":["GET"]}}],"collection":[{"href":"https:\/\/unlock.green\/fr\/wp-json\/wp\/v2\/posts"}],"about":[{"href":"https:\/\/unlock.green\/fr\/wp-json\/wp\/v2\/types\/post"}],"author":[{"embeddable":true,"href":"https:\/\/unlock.green\/fr\/wp-json\/wp\/v2\/users\/4"}],"replies":[{"embeddable":true,"href":"https:\/\/unlock.green\/fr\/wp-json\/wp\/v2\/comments?post=1"}],"version-history":[{"count":0,"href":"https:\/\/unlock.green\/fr\/wp-json\/wp\/v2\/posts\/1\/revisions"}],"wp:featuredmedia":[{"embeddable":true,"href":"https:\/\/unlock.green\/fr\/wp-json\/wp\/v2\/media\/25"}],"wp:attachment":[{"href":"https:\/\/unlock.green\/fr\/wp-json\/wp\/v2\/media?parent=1"}],"wp:term":[{"taxonomy":"category","embeddable":true,"href":"https:\/\/unlock.green\/fr\/wp-json\/wp\/v2\/categories?post=1"},{"taxonomy":"post_tag","embeddable":true,"href":"https:\/\/unlock.green\/fr\/wp-json\/wp\/v2\/tags?post=1"}],"curies":[{"name":"wp","href":"https:\/\/api.w.org\/{rel}","templated":true}]}}